{"id":810,"date":"2018-01-01T20:30:51","date_gmt":"2018-01-01T19:30:51","guid":{"rendered":"http:\/\/www.grainezero.fr\/?p=810"},"modified":"2018-01-01T20:30:51","modified_gmt":"2018-01-01T19:30:51","slug":"septembre-2017","status":"publish","type":"post","link":"https:\/\/www.grainezero.fr\/index.php\/2018\/01\/01\/septembre-2017\/","title":{"rendered":"Septembre 2017"},"content":{"rendered":"<p>Je rattrape petit \u00e0 petit mon retard avec cette fois-ci le mois de septembre. Nous avons enfin pu vraiment profiter de nos tomates de balcon et faire plusieurs r\u00e9coltes sympathiques !<\/p>\n<p><img decoding=\"async\" loading=\"lazy\" class=\"alignnone size-full wp-image-813\" src=\"http:\/\/www.grainezero.fr\/wp-content\/uploads\/2018\/01\/DSC_0085.jpg\" alt=\"\" width=\"800\" height=\"450\" srcset=\"https:\/\/www.grainezero.fr\/wp-content\/uploads\/2018\/01\/DSC_0085.jpg 800w, https:\/\/www.grainezero.fr\/wp-content\/uploads\/2018\/01\/DSC_0085-300x169.jpg 300w, https:\/\/www.grainezero.fr\/wp-content\/uploads\/2018\/01\/DSC_0085-768x432.jpg 768w, https:\/\/www.grainezero.fr\/wp-content\/uploads\/2018\/01\/DSC_0085-700x394.jpg 700w\" sizes=\"(max-width: 800px) 100vw, 800px\" \/> <img decoding=\"async\" loading=\"lazy\" class=\"alignnone size-full wp-image-812\" src=\"http:\/\/www.grainezero.fr\/wp-content\/uploads\/2018\/01\/DSC_0091.jpg\" alt=\"\" width=\"800\" height=\"450\" srcset=\"https:\/\/www.grainezero.fr\/wp-content\/uploads\/2018\/01\/DSC_0091.jpg 800w, https:\/\/www.grainezero.fr\/wp-content\/uploads\/2018\/01\/DSC_0091-300x169.jpg 300w, https:\/\/www.grainezero.fr\/wp-content\/uploads\/2018\/01\/DSC_0091-768x432.jpg 768w, https:\/\/www.grainezero.fr\/wp-content\/uploads\/2018\/01\/DSC_0091-700x394.jpg 700w\" sizes=\"(max-width: 800px) 100vw, 800px\" \/> <img decoding=\"async\" loading=\"lazy\" class=\"alignnone size-full wp-image-811\" src=\"http:\/\/www.grainezero.fr\/wp-content\/uploads\/2018\/01\/DSC_0003.jpg\" alt=\"\" width=\"800\" height=\"450\" srcset=\"https:\/\/www.grainezero.fr\/wp-content\/uploads\/2018\/01\/DSC_0003.jpg 800w, https:\/\/www.grainezero.fr\/wp-content\/uploads\/2018\/01\/DSC_0003-300x169.jpg 300w, https:\/\/www.grainezero.fr\/wp-content\/uploads\/2018\/01\/DSC_0003-768x432.jpg 768w, https:\/\/www.grainezero.fr\/wp-content\/uploads\/2018\/01\/DSC_0003-700x394.jpg 700w\" sizes=\"(max-width: 800px) 100vw, 800px\" \/><\/p>\n<p>La menthe en fleur a attir\u00e9 beaucoup d&rsquo;insectes (abeilles, bourdons et &#8230; mouches)<\/p>\n<p><img decoding=\"async\" loading=\"lazy\" class=\"alignnone size-full wp-image-814\" src=\"http:\/\/www.grainezero.fr\/wp-content\/uploads\/2018\/01\/DSC_0018.jpg\" alt=\"\" width=\"1024\" height=\"576\" srcset=\"https:\/\/www.grainezero.fr\/wp-content\/uploads\/2018\/01\/DSC_0018.jpg 1024w, https:\/\/www.grainezero.fr\/wp-content\/uploads\/2018\/01\/DSC_0018-300x169.jpg 300w, https:\/\/www.grainezero.fr\/wp-content\/uploads\/2018\/01\/DSC_0018-768x432.jpg 768w, https:\/\/www.grainezero.fr\/wp-content\/uploads\/2018\/01\/DSC_0018-700x394.jpg 700w\" sizes=\"(max-width: 1024px) 100vw, 1024px\" \/> <img decoding=\"async\" loading=\"lazy\" class=\"alignnone size-full wp-image-815\" src=\"http:\/\/www.grainezero.fr\/wp-content\/uploads\/2018\/01\/DSC_0084.jpg\" alt=\"\" width=\"800\" height=\"450\" srcset=\"https:\/\/www.grainezero.fr\/wp-content\/uploads\/2018\/01\/DSC_0084.jpg 800w, https:\/\/www.grainezero.fr\/wp-content\/uploads\/2018\/01\/DSC_0084-300x169.jpg 300w, https:\/\/www.grainezero.fr\/wp-content\/uploads\/2018\/01\/DSC_0084-768x432.jpg 768w, https:\/\/www.grainezero.fr\/wp-content\/uploads\/2018\/01\/DSC_0084-700x394.jpg 700w\" sizes=\"(max-width: 800px) 100vw, 800px\" \/><\/p>\n<p>J&rsquo;ai enfin pu r\u00e9colter mes 16 petits pois. Youhou ! R\u00e9colte gigantesque !<\/p>\n<p><img decoding=\"async\" loading=\"lazy\" class=\"alignnone size-full wp-image-818\" src=\"http:\/\/www.grainezero.fr\/wp-content\/uploads\/2018\/01\/DSC_0572.jpg\" alt=\"\" width=\"800\" height=\"450\" srcset=\"https:\/\/www.grainezero.fr\/wp-content\/uploads\/2018\/01\/DSC_0572.jpg 800w, https:\/\/www.grainezero.fr\/wp-content\/uploads\/2018\/01\/DSC_0572-300x169.jpg 300w, https:\/\/www.grainezero.fr\/wp-content\/uploads\/2018\/01\/DSC_0572-768x432.jpg 768w, https:\/\/www.grainezero.fr\/wp-content\/uploads\/2018\/01\/DSC_0572-700x394.jpg 700w\" sizes=\"(max-width: 800px) 100vw, 800px\" \/><\/p>\n<p><img decoding=\"async\" loading=\"lazy\" class=\"alignnone size-full wp-image-817\" src=\"http:\/\/www.grainezero.fr\/wp-content\/uploads\/2018\/01\/DSC_0090.jpg\" alt=\"\" width=\"800\" height=\"450\" srcset=\"https:\/\/www.grainezero.fr\/wp-content\/uploads\/2018\/01\/DSC_0090.jpg 800w, https:\/\/www.grainezero.fr\/wp-content\/uploads\/2018\/01\/DSC_0090-300x169.jpg 300w, https:\/\/www.grainezero.fr\/wp-content\/uploads\/2018\/01\/DSC_0090-768x432.jpg 768w, https:\/\/www.grainezero.fr\/wp-content\/uploads\/2018\/01\/DSC_0090-700x394.jpg 700w\" sizes=\"(max-width: 800px) 100vw, 800px\" \/><\/p>\n<p>Fin septembre, l&rsquo;automne est bien avanc\u00e9 et le balcon comme ce \u00e0 d\u00e9p\u00e9rir.<\/p>\n<p><img decoding=\"async\" loading=\"lazy\" class=\"alignnone size-full wp-image-822\" src=\"http:\/\/www.grainezero.fr\/wp-content\/uploads\/2018\/01\/DSC_0201.jpg\" alt=\"\" width=\"800\" height=\"450\" srcset=\"https:\/\/www.grainezero.fr\/wp-content\/uploads\/2018\/01\/DSC_0201.jpg 800w, https:\/\/www.grainezero.fr\/wp-content\/uploads\/2018\/01\/DSC_0201-300x169.jpg 300w, https:\/\/www.grainezero.fr\/wp-content\/uploads\/2018\/01\/DSC_0201-768x432.jpg 768w, https:\/\/www.grainezero.fr\/wp-content\/uploads\/2018\/01\/DSC_0201-700x394.jpg 700w\" sizes=\"(max-width: 800px) 100vw, 800px\" \/> <img decoding=\"async\" loading=\"lazy\" class=\"alignnone size-full wp-image-821\" src=\"http:\/\/www.grainezero.fr\/wp-content\/uploads\/2018\/01\/DSC_0199.jpg\" alt=\"\" width=\"800\" height=\"450\" srcset=\"https:\/\/www.grainezero.fr\/wp-content\/uploads\/2018\/01\/DSC_0199.jpg 800w, https:\/\/www.grainezero.fr\/wp-content\/uploads\/2018\/01\/DSC_0199-300x169.jpg 300w, https:\/\/www.grainezero.fr\/wp-content\/uploads\/2018\/01\/DSC_0199-768x432.jpg 768w, https:\/\/www.grainezero.fr\/wp-content\/uploads\/2018\/01\/DSC_0199-700x394.jpg 700w\" sizes=\"(max-width: 800px) 100vw, 800px\" \/><\/p>\n<p>Pendant ce temps l\u00e0, \u00e0 l&rsquo;int\u00e9rieur, les herbes aromatiques sont en pleine forme \ud83d\ude42<\/p>\n<p><img decoding=\"async\" loading=\"lazy\" class=\"alignnone size-full wp-image-820\" src=\"http:\/\/www.grainezero.fr\/wp-content\/uploads\/2018\/01\/DSC_0257.jpg\" alt=\"\" width=\"800\" height=\"450\" srcset=\"https:\/\/www.grainezero.fr\/wp-content\/uploads\/2018\/01\/DSC_0257.jpg 800w, https:\/\/www.grainezero.fr\/wp-content\/uploads\/2018\/01\/DSC_0257-300x169.jpg 300w, https:\/\/www.grainezero.fr\/wp-content\/uploads\/2018\/01\/DSC_0257-768x432.jpg 768w, https:\/\/www.grainezero.fr\/wp-content\/uploads\/2018\/01\/DSC_0257-700x394.jpg 700w\" sizes=\"(max-width: 800px) 100vw, 800px\" \/><\/p>\n","protected":false},"excerpt":{"rendered":"<p>Je rattrape petit \u00e0 petit mon retard avec cette fois-ci le mois de septembre. Nous avons enfin pu vraiment profiter de nos tomates de balcon et faire plusieurs r\u00e9coltes sympathiques ! La menthe en fleur a attir\u00e9 beaucoup d&rsquo;insectes (abeilles, &hellip; <a class=\"kt-excerpt-readmore more-link\" href=\"https:\/\/www.grainezero.fr\/index.php\/2018\/01\/01\/septembre-2017\/\">Read More<\/a><\/p>\n","protected":false},"author":1,"featured_media":814,"comment_status":"open","ping_status":"open","sticky":false,"template":"","format":"standard","meta":[],"categories":[2],"tags":[38,29,44,25],"_links":{"self":[{"href":"https:\/\/www.grainezero.fr\/index.php\/wp-json\/wp\/v2\/posts\/810"}],"collection":[{"href":"https:\/\/www.grainezero.fr\/index.php\/wp-json\/wp\/v2\/posts"}],"about":[{"href":"https:\/\/www.grainezero.fr\/index.php\/wp-json\/wp\/v2\/types\/post"}],"author":[{"embeddable":true,"href":"https:\/\/www.grainezero.fr\/index.php\/wp-json\/wp\/v2\/users\/1"}],"replies":[{"embeddable":true,"href":"https:\/\/www.grainezero.fr\/index.php\/wp-json\/wp\/v2\/comments?post=810"}],"version-history":[{"count":6,"href":"https:\/\/www.grainezero.fr\/index.php\/wp-json\/wp\/v2\/posts\/810\/revisions"}],"predecessor-version":[{"id":826,"href":"https:\/\/www.grainezero.fr\/index.php\/wp-json\/wp\/v2\/posts\/810\/revisions\/826"}],"wp:featuredmedia":[{"embeddable":true,"href":"https:\/\/www.grainezero.fr\/index.php\/wp-json\/wp\/v2\/media\/814"}],"wp:attachment":[{"href":"https:\/\/www.grainezero.fr\/index.php\/wp-json\/wp\/v2\/media?parent=810"}],"wp:term":[{"taxonomy":"category","embeddable":true,"href":"https:\/\/www.grainezero.fr\/index.php\/wp-json\/wp\/v2\/categories?post=810"},{"taxonomy":"post_tag","embeddable":true,"href":"https:\/\/www.grainezero.fr\/index.php\/wp-json\/wp\/v2\/tags?post=810"}],"curies":[{"name":"wp","href":"https:\/\/api.w.org\/{rel}","templated":true}]}}