{"id":717,"date":"2017-09-02T16:53:11","date_gmt":"2017-09-02T15:53:11","guid":{"rendered":"http:\/\/www.grainezero.fr\/?p=717"},"modified":"2017-09-02T17:05:34","modified_gmt":"2017-09-02T16:05:34","slug":"juillet-2017","status":"publish","type":"post","link":"https:\/\/www.grainezero.fr\/index.php\/2017\/09\/02\/juillet-2017\/","title":{"rendered":"Juillet 2017"},"content":{"rendered":"<p>Je reviens avec pas mal de retard sur le mois de juillet, riche en exp\u00e9riences !<\/p>\n<p><strong>Menthe<\/strong><\/p>\n<p>J&rsquo;avais termin\u00e9 <a href=\"http:\/\/www.grainezero.fr\/index.php\/2017\/07\/07\/juin-2017\/\">mon pr\u00e9c\u00e9dent article de juin<\/a> sur mes essais de menthe. Cela a super bien fonctionn\u00e9, et vous pourrez voir sur le mois d&rsquo;ao\u00fbt que c&rsquo;est exponentiel ! J&rsquo;ai un d\u00e9but de massif de menthe \u00e0 l&rsquo;heure o\u00f9 j&rsquo;\u00e9cris ces lignes, d\u00e9but septembre \ud83d\ude42<\/p>\n<p><img decoding=\"async\" loading=\"lazy\" class=\"size-large wp-image-719\" src=\"http:\/\/www.grainezero.fr\/wp-content\/uploads\/2017\/09\/DSC_0167-700x394.jpg\" alt=\"\" width=\"700\" height=\"394\" srcset=\"https:\/\/www.grainezero.fr\/wp-content\/uploads\/2017\/09\/DSC_0167-700x394.jpg 700w, https:\/\/www.grainezero.fr\/wp-content\/uploads\/2017\/09\/DSC_0167-300x169.jpg 300w, https:\/\/www.grainezero.fr\/wp-content\/uploads\/2017\/09\/DSC_0167-768x432.jpg 768w, https:\/\/www.grainezero.fr\/wp-content\/uploads\/2017\/09\/DSC_0167.jpg 800w\" sizes=\"(max-width: 700px) 100vw, 700px\" \/><\/p>\n<p><strong>Persil<\/strong><\/p>\n<p>Le persil cohabite avec de jolies fleurs oranges inconnues.<\/p>\n<p><img decoding=\"async\" loading=\"lazy\" class=\"size-large wp-image-763\" src=\"http:\/\/www.grainezero.fr\/wp-content\/uploads\/2017\/09\/DSC_0174-700x394.jpg\" alt=\"\" width=\"700\" height=\"394\" srcset=\"https:\/\/www.grainezero.fr\/wp-content\/uploads\/2017\/09\/DSC_0174-700x394.jpg 700w, https:\/\/www.grainezero.fr\/wp-content\/uploads\/2017\/09\/DSC_0174-300x169.jpg 300w, https:\/\/www.grainezero.fr\/wp-content\/uploads\/2017\/09\/DSC_0174-768x432.jpg 768w, https:\/\/www.grainezero.fr\/wp-content\/uploads\/2017\/09\/DSC_0174.jpg 800w\" sizes=\"(max-width: 700px) 100vw, 700px\" \/><\/p>\n<p><strong>Belle de nuit<\/strong><\/p>\n<p>Ma belle de nuit est devenue \u00e9norme !<\/p>\n<p><img decoding=\"async\" loading=\"lazy\" class=\"alignnone size-full wp-image-765\" src=\"http:\/\/www.grainezero.fr\/wp-content\/uploads\/2017\/09\/DSC_0112.jpg\" alt=\"\" width=\"450\" height=\"800\" srcset=\"https:\/\/www.grainezero.fr\/wp-content\/uploads\/2017\/09\/DSC_0112.jpg 450w, https:\/\/www.grainezero.fr\/wp-content\/uploads\/2017\/09\/DSC_0112-169x300.jpg 169w\" sizes=\"(max-width: 450px) 100vw, 450px\" \/><\/p>\n<p><strong>Coriandre<\/strong><\/p>\n<p>Nous avons profit\u00e9 de la coriandre et pu cuisiner avec. Toutefois la croissance est tr\u00e8s rapide dehors et les pieds sont mont\u00e9s tr\u00e8s vite en graines. Il faut donc en profiter assez vite d&rsquo;autant plus que les feuilles changent d\u00e8s que la plante commence \u00e0 monter en graines, un peu comme l&rsquo;aneth.<\/p>\n<p><img decoding=\"async\" loading=\"lazy\" class=\"alignnone size-large wp-image-759\" src=\"http:\/\/www.grainezero.fr\/wp-content\/uploads\/2017\/09\/DSC_0104-700x394.jpg\" alt=\"\" width=\"700\" height=\"394\" srcset=\"https:\/\/www.grainezero.fr\/wp-content\/uploads\/2017\/09\/DSC_0104-700x394.jpg 700w, https:\/\/www.grainezero.fr\/wp-content\/uploads\/2017\/09\/DSC_0104-300x169.jpg 300w, https:\/\/www.grainezero.fr\/wp-content\/uploads\/2017\/09\/DSC_0104-768x432.jpg 768w, https:\/\/www.grainezero.fr\/wp-content\/uploads\/2017\/09\/DSC_0104.jpg 800w\" sizes=\"(max-width: 700px) 100vw, 700px\" \/> <img decoding=\"async\" loading=\"lazy\" class=\"alignnone size-large wp-image-760\" src=\"http:\/\/www.grainezero.fr\/wp-content\/uploads\/2017\/09\/DSC_0211-700x394.jpg\" alt=\"\" width=\"700\" height=\"394\" srcset=\"https:\/\/www.grainezero.fr\/wp-content\/uploads\/2017\/09\/DSC_0211-700x394.jpg 700w, https:\/\/www.grainezero.fr\/wp-content\/uploads\/2017\/09\/DSC_0211-300x169.jpg 300w, https:\/\/www.grainezero.fr\/wp-content\/uploads\/2017\/09\/DSC_0211-768x432.jpg 768w, https:\/\/www.grainezero.fr\/wp-content\/uploads\/2017\/09\/DSC_0211.jpg 800w\" sizes=\"(max-width: 700px) 100vw, 700px\" \/><\/p>\n<p><strong>Bac d&rsquo;int\u00e9rieur<\/strong><\/p>\n<p>Les deux photos suivantes ont \u00e9t\u00e9 prise entre le 1er juillet et le 27 juillet. La v\u00e9g\u00e9tation a vite envahi le bac ! Nous avons pu commencer \u00e0 cuisiner avec le basilic et la coriandre h\u00e9h\u00e9. La menthe, tout \u00e0 gauche, est assez ch\u00e9tive en int\u00e9rieur. Elle file \u00e9norm\u00e9ment, tout comme toutes les plantes du bac \u00e0 vrai dire. Mais c&rsquo;est particuli\u00e8rement marqu\u00e9 pour la menthe qui fait d&rsquo;immenses tiges sans trop de feuilles.<\/p>\n<p><img decoding=\"async\" loading=\"lazy\" class=\"alignnone size-large wp-image-722\" src=\"http:\/\/www.grainezero.fr\/wp-content\/uploads\/2017\/09\/DSC_0015-700x394.jpg\" alt=\"\" width=\"700\" height=\"394\" srcset=\"https:\/\/www.grainezero.fr\/wp-content\/uploads\/2017\/09\/DSC_0015-700x394.jpg 700w, https:\/\/www.grainezero.fr\/wp-content\/uploads\/2017\/09\/DSC_0015-300x169.jpg 300w, https:\/\/www.grainezero.fr\/wp-content\/uploads\/2017\/09\/DSC_0015-768x432.jpg 768w, https:\/\/www.grainezero.fr\/wp-content\/uploads\/2017\/09\/DSC_0015.jpg 800w\" sizes=\"(max-width: 700px) 100vw, 700px\" \/><\/p>\n<p><img decoding=\"async\" loading=\"lazy\" class=\"alignnone size-large wp-image-721\" src=\"http:\/\/www.grainezero.fr\/wp-content\/uploads\/2017\/09\/DSC_0117-700x394.jpg\" alt=\"\" width=\"700\" height=\"394\" srcset=\"https:\/\/www.grainezero.fr\/wp-content\/uploads\/2017\/09\/DSC_0117-700x394.jpg 700w, https:\/\/www.grainezero.fr\/wp-content\/uploads\/2017\/09\/DSC_0117-300x169.jpg 300w, https:\/\/www.grainezero.fr\/wp-content\/uploads\/2017\/09\/DSC_0117-768x432.jpg 768w, https:\/\/www.grainezero.fr\/wp-content\/uploads\/2017\/09\/DSC_0117.jpg 800w\" sizes=\"(max-width: 700px) 100vw, 700px\" \/><\/p>\n<p>J&rsquo;ai assez rapidement remarqu\u00e9 que mon bac \u00e9tait envahi de petits champignons tr\u00e8s \u00e9ph\u00e9m\u00e8res. Leur dur\u00e9e de vie \u00e9tant g\u00e9n\u00e9ralement d&rsquo;une journ\u00e9e. La veille au soir le champignon commence \u00e0 sortir, et le soir d&rsquo;apr\u00e8s je te retrouve tout dess\u00e9ch\u00e9.<\/p>\n<div id='gallery-1' class='gallery galleryid-717 gallery-columns-2 gallery-size-medium'><figure class='gallery-item'>\n\t\t\t<div class='gallery-icon landscape'>\n\t\t\t\t<a href='https:\/\/www.grainezero.fr\/index.php\/2017\/09\/02\/juillet-2017\/dsc_0075\/'><img width=\"300\" height=\"169\" src=\"https:\/\/www.grainezero.fr\/wp-content\/uploads\/2017\/09\/DSC_0075-300x169.jpg\" class=\"attachment-medium size-medium\" alt=\"\" decoding=\"async\" loading=\"lazy\" srcset=\"https:\/\/www.grainezero.fr\/wp-content\/uploads\/2017\/09\/DSC_0075-300x169.jpg 300w, https:\/\/www.grainezero.fr\/wp-content\/uploads\/2017\/09\/DSC_0075-768x432.jpg 768w, https:\/\/www.grainezero.fr\/wp-content\/uploads\/2017\/09\/DSC_0075-700x394.jpg 700w, https:\/\/www.grainezero.fr\/wp-content\/uploads\/2017\/09\/DSC_0075.jpg 800w\" sizes=\"(max-width: 300px) 100vw, 300px\" \/><\/a>\n\t\t\t<\/div><\/figure><figure class='gallery-item'>\n\t\t\t<div class='gallery-icon landscape'>\n\t\t\t\t<a href='https:\/\/www.grainezero.fr\/index.php\/2017\/09\/02\/juillet-2017\/dsc_0003-5\/'><img width=\"300\" height=\"169\" src=\"https:\/\/www.grainezero.fr\/wp-content\/uploads\/2017\/09\/DSC_0003-300x169.jpg\" class=\"attachment-medium size-medium\" alt=\"\" decoding=\"async\" loading=\"lazy\" srcset=\"https:\/\/www.grainezero.fr\/wp-content\/uploads\/2017\/09\/DSC_0003-300x169.jpg 300w, https:\/\/www.grainezero.fr\/wp-content\/uploads\/2017\/09\/DSC_0003-768x432.jpg 768w, https:\/\/www.grainezero.fr\/wp-content\/uploads\/2017\/09\/DSC_0003-700x394.jpg 700w, https:\/\/www.grainezero.fr\/wp-content\/uploads\/2017\/09\/DSC_0003.jpg 800w\" sizes=\"(max-width: 300px) 100vw, 300px\" \/><\/a>\n\t\t\t<\/div><\/figure><figure class='gallery-item'>\n\t\t\t<div class='gallery-icon landscape'>\n\t\t\t\t<a href='https:\/\/www.grainezero.fr\/index.php\/2017\/09\/02\/juillet-2017\/dsc_0085\/'><img width=\"300\" height=\"169\" src=\"https:\/\/www.grainezero.fr\/wp-content\/uploads\/2017\/09\/DSC_0085-300x169.jpg\" class=\"attachment-medium size-medium\" alt=\"\" decoding=\"async\" loading=\"lazy\" srcset=\"https:\/\/www.grainezero.fr\/wp-content\/uploads\/2017\/09\/DSC_0085-300x169.jpg 300w, https:\/\/www.grainezero.fr\/wp-content\/uploads\/2017\/09\/DSC_0085-768x432.jpg 768w, https:\/\/www.grainezero.fr\/wp-content\/uploads\/2017\/09\/DSC_0085-700x394.jpg 700w, https:\/\/www.grainezero.fr\/wp-content\/uploads\/2017\/09\/DSC_0085.jpg 800w\" sizes=\"(max-width: 300px) 100vw, 300px\" \/><\/a>\n\t\t\t<\/div><\/figure><figure class='gallery-item'>\n\t\t\t<div class='gallery-icon landscape'>\n\t\t\t\t<a href='https:\/\/www.grainezero.fr\/index.php\/2017\/09\/02\/juillet-2017\/dsc_0092-2\/'><img width=\"300\" height=\"169\" src=\"https:\/\/www.grainezero.fr\/wp-content\/uploads\/2017\/09\/DSC_0092-300x169.jpg\" class=\"attachment-medium size-medium\" alt=\"\" decoding=\"async\" loading=\"lazy\" srcset=\"https:\/\/www.grainezero.fr\/wp-content\/uploads\/2017\/09\/DSC_0092-300x169.jpg 300w, https:\/\/www.grainezero.fr\/wp-content\/uploads\/2017\/09\/DSC_0092-768x432.jpg 768w, https:\/\/www.grainezero.fr\/wp-content\/uploads\/2017\/09\/DSC_0092-700x394.jpg 700w, https:\/\/www.grainezero.fr\/wp-content\/uploads\/2017\/09\/DSC_0092.jpg 800w\" sizes=\"(max-width: 300px) 100vw, 300px\" \/><\/a>\n\t\t\t<\/div><\/figure><figure class='gallery-item'>\n\t\t\t<div class='gallery-icon landscape'>\n\t\t\t\t<a href='https:\/\/www.grainezero.fr\/index.php\/2017\/09\/02\/juillet-2017\/dsc_0042-2\/'><img width=\"300\" height=\"169\" src=\"https:\/\/www.grainezero.fr\/wp-content\/uploads\/2017\/09\/DSC_0042-300x169.jpg\" class=\"attachment-medium size-medium\" alt=\"\" decoding=\"async\" loading=\"lazy\" srcset=\"https:\/\/www.grainezero.fr\/wp-content\/uploads\/2017\/09\/DSC_0042-300x169.jpg 300w, https:\/\/www.grainezero.fr\/wp-content\/uploads\/2017\/09\/DSC_0042-768x432.jpg 768w, https:\/\/www.grainezero.fr\/wp-content\/uploads\/2017\/09\/DSC_0042-700x394.jpg 700w, https:\/\/www.grainezero.fr\/wp-content\/uploads\/2017\/09\/DSC_0042.jpg 800w\" sizes=\"(max-width: 300px) 100vw, 300px\" \/><\/a>\n\t\t\t<\/div><\/figure>\n\t\t<\/div>\n\n<p><strong>Bourraches<\/strong><\/p>\n<p>Avant de monter en graines et de d\u00e9p\u00e9rir compl\u00e8tement, les bourraches ont attir\u00e9 une arm\u00e9e de pucerons et donc de coccinelles !!<\/p>\n<p><img decoding=\"async\" loading=\"lazy\" class=\"alignnone size-large wp-image-734\" src=\"http:\/\/www.grainezero.fr\/wp-content\/uploads\/2017\/09\/DSC_0052-700x394.jpg\" alt=\"\" width=\"700\" height=\"394\" srcset=\"https:\/\/www.grainezero.fr\/wp-content\/uploads\/2017\/09\/DSC_0052-700x394.jpg 700w, https:\/\/www.grainezero.fr\/wp-content\/uploads\/2017\/09\/DSC_0052-300x169.jpg 300w, https:\/\/www.grainezero.fr\/wp-content\/uploads\/2017\/09\/DSC_0052-768x432.jpg 768w, https:\/\/www.grainezero.fr\/wp-content\/uploads\/2017\/09\/DSC_0052.jpg 800w\" sizes=\"(max-width: 700px) 100vw, 700px\" \/> <img decoding=\"async\" loading=\"lazy\" class=\"alignnone size-large wp-image-733\" src=\"http:\/\/www.grainezero.fr\/wp-content\/uploads\/2017\/09\/DSC_0051-700x394.jpg\" alt=\"\" width=\"700\" height=\"394\" srcset=\"https:\/\/www.grainezero.fr\/wp-content\/uploads\/2017\/09\/DSC_0051-700x394.jpg 700w, https:\/\/www.grainezero.fr\/wp-content\/uploads\/2017\/09\/DSC_0051-300x169.jpg 300w, https:\/\/www.grainezero.fr\/wp-content\/uploads\/2017\/09\/DSC_0051-768x432.jpg 768w, https:\/\/www.grainezero.fr\/wp-content\/uploads\/2017\/09\/DSC_0051.jpg 800w\" sizes=\"(max-width: 700px) 100vw, 700px\" \/> <img decoding=\"async\" loading=\"lazy\" class=\"alignnone size-large wp-image-731\" src=\"http:\/\/www.grainezero.fr\/wp-content\/uploads\/2017\/09\/DSC_0053-700x394.jpg\" alt=\"\" width=\"700\" height=\"394\" srcset=\"https:\/\/www.grainezero.fr\/wp-content\/uploads\/2017\/09\/DSC_0053-700x394.jpg 700w, https:\/\/www.grainezero.fr\/wp-content\/uploads\/2017\/09\/DSC_0053-300x169.jpg 300w, https:\/\/www.grainezero.fr\/wp-content\/uploads\/2017\/09\/DSC_0053-768x432.jpg 768w, https:\/\/www.grainezero.fr\/wp-content\/uploads\/2017\/09\/DSC_0053.jpg 800w\" sizes=\"(max-width: 700px) 100vw, 700px\" \/><\/p>\n<p>J&rsquo;ai pu faire le plein de graines pour l&rsquo;ann\u00e9e prochaine. Bien plus que ce que je peux planter sur mon balcon.<\/p>\n<p><img decoding=\"async\" loading=\"lazy\" class=\"size-large wp-image-732\" src=\"http:\/\/www.grainezero.fr\/wp-content\/uploads\/2017\/09\/DSC_0060-700x394.jpg\" alt=\"\" width=\"700\" height=\"394\" srcset=\"https:\/\/www.grainezero.fr\/wp-content\/uploads\/2017\/09\/DSC_0060-700x394.jpg 700w, https:\/\/www.grainezero.fr\/wp-content\/uploads\/2017\/09\/DSC_0060-300x169.jpg 300w, https:\/\/www.grainezero.fr\/wp-content\/uploads\/2017\/09\/DSC_0060-768x432.jpg 768w, https:\/\/www.grainezero.fr\/wp-content\/uploads\/2017\/09\/DSC_0060.jpg 800w\" sizes=\"(max-width: 700px) 100vw, 700px\" \/><\/p>\n<p><strong>Graines<\/strong><\/p>\n<p>En parlant de graines, j&rsquo;avais laiss\u00e9 s\u00e9cher quelques pieds d&rsquo;\u00e9pinards. J&rsquo;en ai profit\u00e9 pour me faire un petit atelier.<\/p>\n<p><img decoding=\"async\" loading=\"lazy\" class=\"size-full wp-image-737\" src=\"http:\/\/www.grainezero.fr\/wp-content\/uploads\/2017\/09\/DSC_0072.jpg\" alt=\"\" width=\"450\" height=\"800\" srcset=\"https:\/\/www.grainezero.fr\/wp-content\/uploads\/2017\/09\/DSC_0072.jpg 450w, https:\/\/www.grainezero.fr\/wp-content\/uploads\/2017\/09\/DSC_0072-169x300.jpg 169w\" sizes=\"(max-width: 450px) 100vw, 450px\" \/><\/p>\n<p><img decoding=\"async\" loading=\"lazy\" class=\"size-large wp-image-739\" src=\"http:\/\/www.grainezero.fr\/wp-content\/uploads\/2017\/09\/DSC_0031-700x394.jpg\" alt=\"\" width=\"700\" height=\"394\" srcset=\"https:\/\/www.grainezero.fr\/wp-content\/uploads\/2017\/09\/DSC_0031-700x394.jpg 700w, https:\/\/www.grainezero.fr\/wp-content\/uploads\/2017\/09\/DSC_0031-300x169.jpg 300w, https:\/\/www.grainezero.fr\/wp-content\/uploads\/2017\/09\/DSC_0031-768x432.jpg 768w, https:\/\/www.grainezero.fr\/wp-content\/uploads\/2017\/09\/DSC_0031.jpg 800w\" sizes=\"(max-width: 700px) 100vw, 700px\" \/><\/p>\n<p><img decoding=\"async\" loading=\"lazy\" class=\"size-large wp-image-740\" src=\"http:\/\/www.grainezero.fr\/wp-content\/uploads\/2017\/09\/DSC_0034-700x394.jpg\" alt=\"\" width=\"700\" height=\"394\" srcset=\"https:\/\/www.grainezero.fr\/wp-content\/uploads\/2017\/09\/DSC_0034-700x394.jpg 700w, https:\/\/www.grainezero.fr\/wp-content\/uploads\/2017\/09\/DSC_0034-300x169.jpg 300w, https:\/\/www.grainezero.fr\/wp-content\/uploads\/2017\/09\/DSC_0034-768x432.jpg 768w, https:\/\/www.grainezero.fr\/wp-content\/uploads\/2017\/09\/DSC_0034.jpg 800w\" sizes=\"(max-width: 700px) 100vw, 700px\" \/><\/p>\n<p>J&rsquo;ai r\u00e9cup\u00e9r\u00e9 bien plus de graines que je n&rsquo;en avais plant\u00e9 \ud83d\ude00<\/p>\n<p>Voyant toute ma rue pleine de plants de coquelicots secs sur le point de se faire ratiboiser par la ville, j&rsquo;ai fait une razzia pour en r\u00e9cup\u00e9rer les graines. J&rsquo;ai eu de la chance, une semaine plus tard, les pieds des arbres avaient \u00e9t\u00e9 nettoy\u00e9s.<\/p>\n<p><img decoding=\"async\" loading=\"lazy\" class=\"size-full wp-image-738\" src=\"http:\/\/www.grainezero.fr\/wp-content\/uploads\/2017\/09\/DSC_0241.jpg\" alt=\"\" width=\"450\" height=\"800\" srcset=\"https:\/\/www.grainezero.fr\/wp-content\/uploads\/2017\/09\/DSC_0241.jpg 450w, https:\/\/www.grainezero.fr\/wp-content\/uploads\/2017\/09\/DSC_0241-169x300.jpg 169w\" sizes=\"(max-width: 450px) 100vw, 450px\" \/><\/p>\n<p>Je me retrouve avec une quantit\u00e9 astronomique de graines ahah ! Je vais avoir de quoi m&rsquo;ouvrir une grainoth\u00e8que \ud83d\ude42<\/p>\n<figure id=\"attachment_741\" aria-describedby=\"caption-attachment-741\" style=\"width: 700px\" class=\"wp-caption alignnone\"><img decoding=\"async\" loading=\"lazy\" class=\"size-large wp-image-741\" src=\"http:\/\/www.grainezero.fr\/wp-content\/uploads\/2017\/09\/DSC_0035-700x394.jpg\" alt=\"\" width=\"700\" height=\"394\" srcset=\"https:\/\/www.grainezero.fr\/wp-content\/uploads\/2017\/09\/DSC_0035-700x394.jpg 700w, https:\/\/www.grainezero.fr\/wp-content\/uploads\/2017\/09\/DSC_0035-300x169.jpg 300w, https:\/\/www.grainezero.fr\/wp-content\/uploads\/2017\/09\/DSC_0035-768x432.jpg 768w, https:\/\/www.grainezero.fr\/wp-content\/uploads\/2017\/09\/DSC_0035.jpg 800w\" sizes=\"(max-width: 700px) 100vw, 700px\" \/><figcaption id=\"caption-attachment-741\" class=\"wp-caption-text\">Graines de coquelicots<\/figcaption><\/figure>\n<p><strong>Petit pois<\/strong><br \/>\nSurprise, j&rsquo;avais compl\u00e8tement oubli\u00e9 avoir plant\u00e9 un petit pois \ud83d\ude00<br \/>\n<img decoding=\"async\" loading=\"lazy\" class=\"size-large wp-image-743\" src=\"http:\/\/www.grainezero.fr\/wp-content\/uploads\/2017\/09\/DSC_0068-700x394.jpg\" alt=\"\" width=\"700\" height=\"394\" srcset=\"https:\/\/www.grainezero.fr\/wp-content\/uploads\/2017\/09\/DSC_0068-700x394.jpg 700w, https:\/\/www.grainezero.fr\/wp-content\/uploads\/2017\/09\/DSC_0068-300x169.jpg 300w, https:\/\/www.grainezero.fr\/wp-content\/uploads\/2017\/09\/DSC_0068-768x432.jpg 768w, https:\/\/www.grainezero.fr\/wp-content\/uploads\/2017\/09\/DSC_0068.jpg 800w\" sizes=\"(max-width: 700px) 100vw, 700px\" \/><\/p>\n<figure id=\"attachment_745\" aria-describedby=\"caption-attachment-745\" style=\"width: 450px\" class=\"wp-caption alignnone\"><img decoding=\"async\" loading=\"lazy\" class=\"size-full wp-image-745\" src=\"http:\/\/www.grainezero.fr\/wp-content\/uploads\/2017\/09\/DSC_0166.jpg\" alt=\"\" width=\"450\" height=\"800\" srcset=\"https:\/\/www.grainezero.fr\/wp-content\/uploads\/2017\/09\/DSC_0166.jpg 450w, https:\/\/www.grainezero.fr\/wp-content\/uploads\/2017\/09\/DSC_0166-169x300.jpg 169w\" sizes=\"(max-width: 450px) 100vw, 450px\" \/><figcaption id=\"caption-attachment-745\" class=\"wp-caption-text\">Petit pois<\/figcaption><\/figure>\n<p><strong>Basilic<\/strong><\/p>\n<p>S&rsquo;il y a bien une plante dont je suis super content cet ann\u00e9e c&rsquo;est le basilic. J&rsquo;en ai plant\u00e9 \u00e0 plusieurs endroits et nous avons pu en consommer \u00e9norm\u00e9ment. En faisant une rotation sur les plants pour les pr\u00e9l\u00e8vements, ils ont pu se r\u00e9g\u00e9n\u00e9rer et nous avons pu profiter du basilic tout l&rsquo;\u00e9t\u00e9. Les pieds en int\u00e9rieur sont tout aussi bons et fournis !<\/p>\n<p><img decoding=\"async\" loading=\"lazy\" class=\"size-large wp-image-748\" src=\"http:\/\/www.grainezero.fr\/wp-content\/uploads\/2017\/09\/DSC_0046-700x394.jpg\" alt=\"\" width=\"700\" height=\"394\" srcset=\"https:\/\/www.grainezero.fr\/wp-content\/uploads\/2017\/09\/DSC_0046-700x394.jpg 700w, https:\/\/www.grainezero.fr\/wp-content\/uploads\/2017\/09\/DSC_0046-300x169.jpg 300w, https:\/\/www.grainezero.fr\/wp-content\/uploads\/2017\/09\/DSC_0046-768x432.jpg 768w, https:\/\/www.grainezero.fr\/wp-content\/uploads\/2017\/09\/DSC_0046.jpg 800w\" sizes=\"(max-width: 700px) 100vw, 700px\" \/><\/p>\n<p>&nbsp;<\/p>\n<p>Nous avons pouss\u00e9 le vice jusqu&rsquo;\u00e0 nous faire du pesto maison ! Et c&rsquo;\u00e9tait trooop bon !!!<\/p>\n<p><img decoding=\"async\" loading=\"lazy\" class=\"alignnone size-large wp-image-752\" src=\"http:\/\/www.grainezero.fr\/wp-content\/uploads\/2017\/09\/DSC_0047-700x394.jpg\" alt=\"\" width=\"700\" height=\"394\" srcset=\"https:\/\/www.grainezero.fr\/wp-content\/uploads\/2017\/09\/DSC_0047-700x394.jpg 700w, https:\/\/www.grainezero.fr\/wp-content\/uploads\/2017\/09\/DSC_0047-300x169.jpg 300w, https:\/\/www.grainezero.fr\/wp-content\/uploads\/2017\/09\/DSC_0047-768x432.jpg 768w, https:\/\/www.grainezero.fr\/wp-content\/uploads\/2017\/09\/DSC_0047.jpg 800w\" sizes=\"(max-width: 700px) 100vw, 700px\" \/> <img decoding=\"async\" loading=\"lazy\" class=\"alignnone size-full wp-image-749\" src=\"http:\/\/www.grainezero.fr\/wp-content\/uploads\/2017\/09\/DSC_0048.jpg\" alt=\"\" width=\"450\" height=\"800\" srcset=\"https:\/\/www.grainezero.fr\/wp-content\/uploads\/2017\/09\/DSC_0048.jpg 450w, https:\/\/www.grainezero.fr\/wp-content\/uploads\/2017\/09\/DSC_0048-169x300.jpg 169w\" sizes=\"(max-width: 450px) 100vw, 450px\" \/> <img decoding=\"async\" loading=\"lazy\" class=\"alignnone size-large wp-image-750\" src=\"http:\/\/www.grainezero.fr\/wp-content\/uploads\/2017\/09\/DSC_0050-700x394.jpg\" alt=\"\" width=\"700\" height=\"394\" srcset=\"https:\/\/www.grainezero.fr\/wp-content\/uploads\/2017\/09\/DSC_0050-700x394.jpg 700w, https:\/\/www.grainezero.fr\/wp-content\/uploads\/2017\/09\/DSC_0050-300x169.jpg 300w, https:\/\/www.grainezero.fr\/wp-content\/uploads\/2017\/09\/DSC_0050-768x432.jpg 768w, https:\/\/www.grainezero.fr\/wp-content\/uploads\/2017\/09\/DSC_0050.jpg 800w\" sizes=\"(max-width: 700px) 100vw, 700px\" \/> <img decoding=\"async\" loading=\"lazy\" class=\"alignnone size-large wp-image-751\" src=\"http:\/\/www.grainezero.fr\/wp-content\/uploads\/2017\/09\/DSC_0051-1-700x394.jpg\" alt=\"\" width=\"700\" height=\"394\" srcset=\"https:\/\/www.grainezero.fr\/wp-content\/uploads\/2017\/09\/DSC_0051-1-700x394.jpg 700w, https:\/\/www.grainezero.fr\/wp-content\/uploads\/2017\/09\/DSC_0051-1-300x169.jpg 300w, https:\/\/www.grainezero.fr\/wp-content\/uploads\/2017\/09\/DSC_0051-1-768x432.jpg 768w, https:\/\/www.grainezero.fr\/wp-content\/uploads\/2017\/09\/DSC_0051-1.jpg 800w\" sizes=\"(max-width: 700px) 100vw, 700px\" \/><\/p>\n<p>J&rsquo;ai utilis\u00e9 <a href=\"http:\/\/www.marmiton.org\/recettes\/recette_sauce-pesto_93290.aspx\">cette recette<\/a>, toutefois c&rsquo;\u00e9tait trop aill\u00e9 \u00e0 notre go\u00fbt et sans doute un peu trop huil\u00e9. Le pesto se conserve assez mal, \u00e0 moins de le noyer dans l&rsquo;huile. Nous avons r\u00e9duit les proportions lors de notre second essai plus tard en ao\u00fbt.<\/p>\n<p>Nous n&rsquo;\u00e9tions d&rsquo;ailleurs pas les seuls \u00e0 appr\u00e9cier le basilic &#8230;<\/p>\n<p><img decoding=\"async\" loading=\"lazy\" class=\"alignnone size-large wp-image-769\" src=\"http:\/\/www.grainezero.fr\/wp-content\/uploads\/2017\/09\/DSC_0031-1-700x394.jpg\" alt=\"\" width=\"700\" height=\"394\" srcset=\"https:\/\/www.grainezero.fr\/wp-content\/uploads\/2017\/09\/DSC_0031-1-700x394.jpg 700w, https:\/\/www.grainezero.fr\/wp-content\/uploads\/2017\/09\/DSC_0031-1-300x169.jpg 300w, https:\/\/www.grainezero.fr\/wp-content\/uploads\/2017\/09\/DSC_0031-1-768x432.jpg 768w, https:\/\/www.grainezero.fr\/wp-content\/uploads\/2017\/09\/DSC_0031-1.jpg 800w\" sizes=\"(max-width: 700px) 100vw, 700px\" \/> <img decoding=\"async\" loading=\"lazy\" class=\"alignnone size-large wp-image-766\" src=\"http:\/\/www.grainezero.fr\/wp-content\/uploads\/2017\/09\/DSC_0032-700x394.jpg\" alt=\"\" width=\"700\" height=\"394\" srcset=\"https:\/\/www.grainezero.fr\/wp-content\/uploads\/2017\/09\/DSC_0032-700x394.jpg 700w, https:\/\/www.grainezero.fr\/wp-content\/uploads\/2017\/09\/DSC_0032-300x169.jpg 300w, https:\/\/www.grainezero.fr\/wp-content\/uploads\/2017\/09\/DSC_0032-768x432.jpg 768w, https:\/\/www.grainezero.fr\/wp-content\/uploads\/2017\/09\/DSC_0032.jpg 800w\" sizes=\"(max-width: 700px) 100vw, 700px\" \/> <img decoding=\"async\" loading=\"lazy\" class=\"alignnone size-large wp-image-767\" src=\"http:\/\/www.grainezero.fr\/wp-content\/uploads\/2017\/09\/DSC_0033-700x394.jpg\" alt=\"\" width=\"700\" height=\"394\" srcset=\"https:\/\/www.grainezero.fr\/wp-content\/uploads\/2017\/09\/DSC_0033-700x394.jpg 700w, https:\/\/www.grainezero.fr\/wp-content\/uploads\/2017\/09\/DSC_0033-300x169.jpg 300w, https:\/\/www.grainezero.fr\/wp-content\/uploads\/2017\/09\/DSC_0033-768x432.jpg 768w, https:\/\/www.grainezero.fr\/wp-content\/uploads\/2017\/09\/DSC_0033.jpg 800w\" sizes=\"(max-width: 700px) 100vw, 700px\" \/> <img decoding=\"async\" loading=\"lazy\" class=\"alignnone size-large wp-image-768\" src=\"http:\/\/www.grainezero.fr\/wp-content\/uploads\/2017\/09\/DSC_0034-1-700x394.jpg\" alt=\"\" width=\"700\" height=\"394\" srcset=\"https:\/\/www.grainezero.fr\/wp-content\/uploads\/2017\/09\/DSC_0034-1-700x394.jpg 700w, https:\/\/www.grainezero.fr\/wp-content\/uploads\/2017\/09\/DSC_0034-1-300x169.jpg 300w, https:\/\/www.grainezero.fr\/wp-content\/uploads\/2017\/09\/DSC_0034-1-768x432.jpg 768w, https:\/\/www.grainezero.fr\/wp-content\/uploads\/2017\/09\/DSC_0034-1.jpg 800w\" sizes=\"(max-width: 700px) 100vw, 700px\" \/><\/p>\n<p><strong>Tomates<\/strong><\/p>\n<p>J&rsquo;ai fini par abandonner le petit bac o\u00f9 les deux pieds ch\u00e9tifs n&rsquo;avaient toujours pas fait de fleur \u00e0 la mi juillet. J&rsquo;ai arrach\u00e9 les pieds pour laisser se d\u00e9velopper les oeillets d&rsquo;inde et le basilic. Les deux pieds restants \u00e9taient tr\u00e8s en forme au 1er juillet.<\/p>\n<p><img decoding=\"async\" loading=\"lazy\" class=\"alignnone size-large wp-image-756\" src=\"http:\/\/www.grainezero.fr\/wp-content\/uploads\/2017\/09\/DSC_0026-700x394.jpg\" alt=\"\" width=\"700\" height=\"394\" srcset=\"https:\/\/www.grainezero.fr\/wp-content\/uploads\/2017\/09\/DSC_0026-700x394.jpg 700w, https:\/\/www.grainezero.fr\/wp-content\/uploads\/2017\/09\/DSC_0026-300x169.jpg 300w, https:\/\/www.grainezero.fr\/wp-content\/uploads\/2017\/09\/DSC_0026-768x432.jpg 768w, https:\/\/www.grainezero.fr\/wp-content\/uploads\/2017\/09\/DSC_0026.jpg 800w\" sizes=\"(max-width: 700px) 100vw, 700px\" \/><\/p>\n<p>Jusqu&rsquo;\u00e0 ce que, catastrophe, je retrouve un soir de fin juillet une grande branche arrach\u00e9e par le poids et le vent.<\/p>\n<p><img decoding=\"async\" loading=\"lazy\" class=\"alignnone size-large wp-image-757\" src=\"http:\/\/www.grainezero.fr\/wp-content\/uploads\/2017\/09\/DSC_0069-700x394.jpg\" alt=\"\" width=\"700\" height=\"394\" srcset=\"https:\/\/www.grainezero.fr\/wp-content\/uploads\/2017\/09\/DSC_0069-700x394.jpg 700w, https:\/\/www.grainezero.fr\/wp-content\/uploads\/2017\/09\/DSC_0069-300x169.jpg 300w, https:\/\/www.grainezero.fr\/wp-content\/uploads\/2017\/09\/DSC_0069-768x432.jpg 768w, https:\/\/www.grainezero.fr\/wp-content\/uploads\/2017\/09\/DSC_0069.jpg 800w\" sizes=\"(max-width: 700px) 100vw, 700px\" \/> <img decoding=\"async\" loading=\"lazy\" class=\"alignnone size-large wp-image-754\" src=\"http:\/\/www.grainezero.fr\/wp-content\/uploads\/2017\/09\/DSC_0071-700x394.jpg\" alt=\"\" width=\"700\" height=\"394\" srcset=\"https:\/\/www.grainezero.fr\/wp-content\/uploads\/2017\/09\/DSC_0071-700x394.jpg 700w, https:\/\/www.grainezero.fr\/wp-content\/uploads\/2017\/09\/DSC_0071-300x169.jpg 300w, https:\/\/www.grainezero.fr\/wp-content\/uploads\/2017\/09\/DSC_0071-768x432.jpg 768w, https:\/\/www.grainezero.fr\/wp-content\/uploads\/2017\/09\/DSC_0071.jpg 800w\" sizes=\"(max-width: 700px) 100vw, 700px\" \/><\/p>\n<p>Malheureusement, je n&rsquo;avais pas fait assez attention et n&rsquo;avais pas attach\u00e9 les plants \u00e0 la rambarde en pr\u00e9vision de notre d\u00e9m\u00e9nagement d\u00e9but ao\u00fbt. J&rsquo;ai sectionn\u00e9 la branche arrach\u00e9e, et par chance la tige restante \u00e9tait suffisamment grosse pour survivre.<\/p>\n<p><img decoding=\"async\" loading=\"lazy\" class=\"alignnone size-large wp-image-755\" src=\"http:\/\/www.grainezero.fr\/wp-content\/uploads\/2017\/09\/DSC_0171-700x394.jpg\" alt=\"\" width=\"700\" height=\"394\" srcset=\"https:\/\/www.grainezero.fr\/wp-content\/uploads\/2017\/09\/DSC_0171-700x394.jpg 700w, https:\/\/www.grainezero.fr\/wp-content\/uploads\/2017\/09\/DSC_0171-300x169.jpg 300w, https:\/\/www.grainezero.fr\/wp-content\/uploads\/2017\/09\/DSC_0171-768x432.jpg 768w, https:\/\/www.grainezero.fr\/wp-content\/uploads\/2017\/09\/DSC_0171.jpg 800w\" sizes=\"(max-width: 700px) 100vw, 700px\" \/><\/p>\n<p><strong>Compost de balcon<\/strong><\/p>\n<p>Dans la mesure o\u00f9 notre lombricomposteur ne peut pas accueillir tous nos d\u00e9chets organiques, j&rsquo;ai opt\u00e9 pour un second compost de balcon. On verra jusqu&rsquo;o\u00f9 l&rsquo;exp\u00e9rience me m\u00e8ne.<\/p>\n<figure id=\"attachment_762\" aria-describedby=\"caption-attachment-762\" style=\"width: 700px\" class=\"wp-caption alignnone\"><img decoding=\"async\" loading=\"lazy\" class=\"size-large wp-image-762\" src=\"http:\/\/www.grainezero.fr\/wp-content\/uploads\/2017\/09\/DSC_0073-700x394.jpg\" alt=\"\" width=\"700\" height=\"394\" srcset=\"https:\/\/www.grainezero.fr\/wp-content\/uploads\/2017\/09\/DSC_0073-700x394.jpg 700w, https:\/\/www.grainezero.fr\/wp-content\/uploads\/2017\/09\/DSC_0073-300x169.jpg 300w, https:\/\/www.grainezero.fr\/wp-content\/uploads\/2017\/09\/DSC_0073-768x432.jpg 768w, https:\/\/www.grainezero.fr\/wp-content\/uploads\/2017\/09\/DSC_0073.jpg 800w\" sizes=\"(max-width: 700px) 100vw, 700px\" \/><figcaption id=\"caption-attachment-762\" class=\"wp-caption-text\">Compost de balcon<\/figcaption><\/figure>\n","protected":false},"excerpt":{"rendered":"<p>Je reviens avec pas mal de retard sur le mois de juillet, riche en exp\u00e9riences ! Menthe J&rsquo;avais termin\u00e9 mon pr\u00e9c\u00e9dent article de juin sur mes essais de menthe. Cela a super bien fonctionn\u00e9, et vous pourrez voir sur le &hellip; <a class=\"kt-excerpt-readmore more-link\" href=\"https:\/\/www.grainezero.fr\/index.php\/2017\/09\/02\/juillet-2017\/\">Read More<\/a><\/p>\n","protected":false},"author":1,"featured_media":748,"comment_status":"open","ping_status":"open","sticky":false,"template":"","format":"standard","meta":[],"categories":[2],"tags":[38,61,37,60,59,53,56,39,58,30,57,44,40,54,55,25],"_links":{"self":[{"href":"https:\/\/www.grainezero.fr\/index.php\/wp-json\/wp\/v2\/posts\/717"}],"collection":[{"href":"https:\/\/www.grainezero.fr\/index.php\/wp-json\/wp\/v2\/posts"}],"about":[{"href":"https:\/\/www.grainezero.fr\/index.php\/wp-json\/wp\/v2\/types\/post"}],"author":[{"embeddable":true,"href":"https:\/\/www.grainezero.fr\/index.php\/wp-json\/wp\/v2\/users\/1"}],"replies":[{"embeddable":true,"href":"https:\/\/www.grainezero.fr\/index.php\/wp-json\/wp\/v2\/comments?post=717"}],"version-history":[{"count":15,"href":"https:\/\/www.grainezero.fr\/index.php\/wp-json\/wp\/v2\/posts\/717\/revisions"}],"predecessor-version":[{"id":772,"href":"https:\/\/www.grainezero.fr\/index.php\/wp-json\/wp\/v2\/posts\/717\/revisions\/772"}],"wp:featuredmedia":[{"embeddable":true,"href":"https:\/\/www.grainezero.fr\/index.php\/wp-json\/wp\/v2\/media\/748"}],"wp:attachment":[{"href":"https:\/\/www.grainezero.fr\/index.php\/wp-json\/wp\/v2\/media?parent=717"}],"wp:term":[{"taxonomy":"category","embeddable":true,"href":"https:\/\/www.grainezero.fr\/index.php\/wp-json\/wp\/v2\/categories?post=717"},{"taxonomy":"post_tag","embeddable":true,"href":"https:\/\/www.grainezero.fr\/index.php\/wp-json\/wp\/v2\/tags?post=717"}],"curies":[{"name":"wp","href":"https:\/\/api.w.org\/{rel}","templated":true}]}}